{"id":5,"date":"2015-10-29T15:10:58","date_gmt":"2015-10-29T14:10:58","guid":{"rendered":"http:\/\/www.efj.press\/awatraore\/?p=5"},"modified":"2015-10-29T16:48:38","modified_gmt":"2015-10-29T15:48:38","slug":"sundays-street-art-12-eduardo-kobra","status":"publish","type":"post","link":"http:\/\/www.efj.press\/awatraore\/2015\/10\/29\/sundays-street-art-12-eduardo-kobra\/","title":{"rendered":"SUNDAY\u2019S STREET ART : EDUARDO KOBRA"},"content":{"rendered":"<p><iframe loading=\"lazy\" width=\"474\" height=\"267\" src=\"https:\/\/www.youtube.com\/embed\/-HOpYMRFG1A?feature=oembed\" frameborder=\"0\" allowfullscreen><\/iframe><\/p>\n<p style=\"text-align: justify\"><strong>De Sao Paulo \u00e0 Ath\u00e8nes, de Los Angeles \u00e0 Lyon, de Londres \u00e0 Moscou, de New York \u00e0 la Playa del Carmen\u2026 Ses travaux ornent les murs des plus grandes m\u00e9galopoles du monde. De visages connus \u00e0 des th\u00e8mes plus engag\u00e9s, l\u2019art d\u2019Eduardo Kobra ne laisse personne insensible. Qui se cache donc derri\u00e8re ces immenses fresques\u00a0?<\/strong><\/p>\n<p style=\"text-align: justify\"><strong>Eduardo Kobra<\/strong>\u00a0nait en 1976 dans la ville br\u00e9silienne de\u00a0<strong>Sao Paulo<\/strong>. Sa relation d\u2019amour avec le dessin se manifeste tr\u00e8s t\u00f4t, apr\u00e8s que sa m\u00e8re lui ait offert un carnet vierge et des crayons de couleurs. D\u00e8s lors, le dessin prend une place inestimable dans la vie du jeune artiste. \u00a0L\u2019\u00e9cole l\u2019int\u00e9resse peu et le jeune Eduardo d\u00e9laisse assez souvent ses camarades de classe pour errer dans les rues de Sao Paulo. Il a 15 ans lorsqu\u2019il d\u00e9couvre \u00e0 l\u2019art du graffiti gr\u00e2ce \u00e0 la culture hip-hop florissante. Breakdancer, graffeur, Eduardo Kobra est int\u00e9ress\u00e9 par toute forme d\u2019expression artistique. Ses d\u00e9buts de graffeur lui valent de nombreuses arrestations qui mettent en p\u00e9ril son avenir.<\/p>\n<p style=\"text-align: justify\">Apr\u00e8s avoir ouvert son atelier en 1995, Kobra s\u2019int\u00e9resse plus rigoureusement \u00e0 l\u2019histoire de l\u2019art et \u00e0 ses grands pr\u00e9d\u00e9cesseurs.\u00a0<strong>Diego Rivera<\/strong>,\u00a0<strong>Jean-Michel Basquiat<\/strong>,\u00a0<strong>Keith Haring<\/strong>,\u00a0<strong>Gustav Klimt<\/strong>\u2026 Eduardo trouve chez ces grandes figures de l\u2019art du XX\u00e8me si\u00e8cle inspiration et mod\u00e8les \u00e0 suivre. Quand il ne rend pas hommage aux grandes personnalit\u00e9s du si\u00e8cle dernier, le muraliste recouvre les rues d\u2019images anciennes mythiques qui ont fait l\u2019Histoire. Ce n\u2019est qu\u2019apr\u00e8s sa rencontre avec\u00a0<strong>Mario<\/strong>\u00a0\u2013 un architecte avec qui il va travailler pendant pr\u00e8s de 15 ans \u2013 qu\u2019Eduardo trouve et peaufine son style personnel. Gr\u00e2ce \u00e0 Mario, Eduardo apprend \u00e0 transformer les images, \u00e0 les modifier et \u00e0 la repr\u00e9senter tel qu\u2019il les voit.<\/p>\n<p style=\"text-align: justify\">Aujourd\u2019hui facilement reconnaissable, l\u2019art d\u2019Eduardo Kobra se caract\u00e9rise par des couleurs vives et des formes g\u00e9om\u00e9triques mais surtout par cette repr\u00e9sentation en trois dimensions. Ce sont principalement sa s\u00e9rie de portraits monumentaux, qu\u2019il appelle les\u00a0<strong><em>Muros da memoria<\/em><\/strong>, qui font sa renomm\u00e9e.\u00a0 Des politiciens comme\u00a0<strong>Nelson Mandela<\/strong>\u00a0ou\u00a0<strong>Abraham Lincoln<\/strong>. Des rappeurs comme\u00a0<strong>Notorious B.I.G<\/strong>\u00a0ou\u00a0<strong>Tupac<\/strong>. Des artistes comme\u00a0<strong>Andy Warhol<\/strong>\u00a0ou\u00a0<strong>Basquiat<\/strong>. Des scientifiques comme\u00a0<strong>Albert Einstein<\/strong>. Eduardo Kobra fait revivre sur les murs du monde entier les personnalit\u00e9s qui ont marqu\u00e9 l\u2019Histoire. Sur ses fresques, le muraliste br\u00e9silien n\u2019h\u00e9site pas non plus \u00e0 aborder les diff\u00e9rents probl\u00e8mes sociaux qui touchent le monde, en particulier le Br\u00e9sil, tels que l\u2019\u00e9ducation, la sant\u00e9 ou la s\u00e9curit\u00e9.<\/p>\n<p style=\"text-align: justify\"><em>\u00ab La r\u00e9interpr\u00e9tation des personnalit\u00e9s embl\u00e9matiques qui ont combattu pour la paix , une r\u00e9flexion sur les moyens d\u2019am\u00e9liorer la vie et le monde dans lequel nous vivons par la promotion de la paix\u00a0\u00bb<\/em>, c\u2019est ainsi qu\u2019Eduardo Kobra d\u00e9finit son travail. Par son art du rue, le muraliste pr\u00f4ne la libert\u00e9, la paix et la vie en communaut\u00e9. Eduardo Kobra compte aujourd\u2019hui 28 ann\u00e9es de carri\u00e8re, durant lesquelles il a affirm\u00e9 et r\u00e9affirm\u00e9 son statut de pionnier du street art br\u00e9silien.<\/p>\n","protected":false},"excerpt":{"rendered":"<p>De Sao Paulo \u00e0 Ath\u00e8nes, de Los Angeles \u00e0 Lyon, de Londres \u00e0 Moscou, de New York \u00e0 la Playa del Carmen\u2026 Ses travaux ornent les murs des plus grandes m\u00e9galopoles du monde. De visages connus \u00e0 des th\u00e8mes plus engag\u00e9s, l\u2019art d\u2019Eduardo Kobra ne laisse personne insensible. Qui se cache donc derri\u00e8re ces immenses &hellip; <a href=\"http:\/\/www.efj.press\/awatraore\/2015\/10\/29\/sundays-street-art-12-eduardo-kobra\/\" class=\"more-link\">Continuer la lecture de <span class=\"screen-reader-text\">SUNDAY\u2019S STREET ART : EDUARDO KOBRA<\/span>  <span class=\"meta-nav\">&rarr;<\/span><\/a><\/p>\n","protected":false},"author":65,"featured_media":10,"comment_status":"open","ping_status":"open","sticky":false,"template":"","format":"standard","meta":{"footnotes":""},"categories":[],"tags":[],"_links":{"self":[{"href":"http:\/\/www.efj.press\/awatraore\/wp-json\/wp\/v2\/posts\/5"}],"collection":[{"href":"http:\/\/www.efj.press\/awatraore\/wp-json\/wp\/v2\/posts"}],"about":[{"href":"http:\/\/www.efj.press\/awatraore\/wp-json\/wp\/v2\/types\/post"}],"author":[{"embeddable":true,"href":"http:\/\/www.efj.press\/awatraore\/wp-json\/wp\/v2\/users\/65"}],"replies":[{"embeddable":true,"href":"http:\/\/www.efj.press\/awatraore\/wp-json\/wp\/v2\/comments?post=5"}],"version-history":[{"count":11,"href":"http:\/\/www.efj.press\/awatraore\/wp-json\/wp\/v2\/posts\/5\/revisions"}],"predecessor-version":[{"id":20,"href":"http:\/\/www.efj.press\/awatraore\/wp-json\/wp\/v2\/posts\/5\/revisions\/20"}],"wp:featuredmedia":[{"embeddable":true,"href":"http:\/\/www.efj.press\/awatraore\/wp-json\/wp\/v2\/media\/10"}],"wp:attachment":[{"href":"http:\/\/www.efj.press\/awatraore\/wp-json\/wp\/v2\/media?parent=5"}],"wp:term":[{"taxonomy":"category","embeddable":true,"href":"http:\/\/www.efj.press\/awatraore\/wp-json\/wp\/v2\/categories?post=5"},{"taxonomy":"post_tag","embeddable":true,"href":"http:\/\/www.efj.press\/awatraore\/wp-json\/wp\/v2\/tags?post=5"}],"curies":[{"name":"wp","href":"https:\/\/api.w.org\/{rel}","templated":true}]}}